{"id":657,"date":"2018-03-22T23:39:41","date_gmt":"2018-03-23T04:39:41","guid":{"rendered":"http:\/\/dorisgicherman.com\/site\/?p=657"},"modified":"2018-03-22T23:39:41","modified_gmt":"2018-03-23T04:39:41","slug":"meditar-y-escribir","status":"publish","type":"post","link":"http:\/\/dorisgicherman.com\/site\/meditar-y-escribir\/","title":{"rendered":"MEDITAR Y ESCRIBIR"},"content":{"rendered":"<p>A todos nos ha ocurrido que en alg\u00fan momento un pensamiento llama nuestra atenci\u00f3n y nos hace preguntar:<\/p>\n<p>\u2013 \u00bfC\u00f3mo fue que termin\u00e9 pensando en esto?<\/p>\n<p>Nos asombramos, porque est\u00e1bamos ocupados en un asunto diferente o reflexionando sobre otro tema. Seguramente, alguna vez hemos procedido a desandar el camino de las ideas que nos llevaron a ese pensamiento. <\/p>\n<p>Por ejemplo: Se me acaba de ocurrir que quiero ir a caminar al parque, porque me acord\u00e9 de la vez que fui al parque con determinada persona. Y record\u00e9 la ida al parque con esa persona, porque fue la \u00faltima vez que la vi. Y me acord\u00e9 de la \u00faltima vez que la vi, porque se me vino a la mente un texto escrito con su perfil. Y pens\u00e9 en ese texto porque buscaba ideas para escribir un art\u00edculo.<\/p>\n<p>Acontecimientos que vivimos a diario ejemplifican nuestra mente y convierten en texto creativo su contenido.<\/p>\n<p>Escribir es ayudar al pr\u00f3jimo y a uno mismo.<\/p>\n<p>No es m\u00e1s que un ejemplo de la forma como fluyen nuestros pensamientos a lo largo del d\u00eda. Cuando no estamos concentrados en algo espec\u00edfico nuestra mente navega sin cesar de un pensamiento a otro. Incluso cuando estamos concentrados en algo, nuestro cerebro  busca la menor excusa para salirse de ese estado y comenzar con sus enso\u00f1aciones.<\/p>\n<p>Pero, \u00bfc\u00f3mo pasa nuestra mente de una idea a otra? \u00bfSon saltos que se realizan al azar? <\/p>\n<p>No. <\/p>\n<p>Los pensamientos que se suceden se parecen entre s\u00ed en alg\u00fan aspecto. <\/p>\n<p>En nuestro ejemplo, la idea \u201ccaminar en el parque\u201d se parece a la idea \u201cla \u00faltima vez que fui al parque con el personaje escogido y pensado para el escrito\u201d, en que ambas ocurren en el parque. <\/p>\n<p>Y el pensamiento \u201cla \u00faltima vez que vi al personaje\u201d tiene en com\u00fan con \u201cun texto con el estilo de a la persona en cuesti\u00f3n\u00bb.<\/p>\n<p>Las ideas se conectan por algo en com\u00fan que tienen entre s\u00ed. Puede ser su ubicaci\u00f3n, su relaci\u00f3n con un tercer elemento o persona, una cualidad compartida, en fin. Por otra parte, una misma idea no nos llevar\u00e1 siempre a pensar en lo mismo. <\/p>\n<p>Una vez se conectar\u00e1 con una idea y, a la siguiente, con otra muy diferente.<\/p>\n<p>Medito, pienso, razono, investigo, siento y concluyo que parte importante de mi esencia como ser humano se la dedico a las letras, esforz\u00e1ndome por hilvanar las ideas y poco a poco dar salida a los sentimientos que brotan repentinamente en el momento menos esperado.<\/p>\n<p>Es realmente un suceso extraordinario cuando voy caminando por la calle observando todo aquello que gira en mi entorno  siento la vibra de toda criatura que ocupa un lugar en el universo y que sale a mi encuentro.<\/p>\n<p>Las gotas de sudor refrescan mi mente y el soplido del viento enfr\u00eda mis neuronas para tener capacidad de seguir disfrutando el paisaje urbano que tantos secretos encierra.<\/p>\n<p>Y me siento viva, m\u00e1s viva que nunca cuando dejo a mi coraz\u00f3n que palpite hasta exceder las frecuencias permisibles y me ponga en alerta para esperar lo inesperado; de alg\u00fan lugar siempre aparecen emociones qu\u00e9 contar, aventuras qu\u00e9 escribir y aprendizajes qu\u00e9 compartir.<\/p>\n<p>Estoy consciente que no es obligatorio comulgar con lo que expreso, lo que s\u00ed puedo decir que sale con AMOR de m\u00ed ser y con deseo de tocar ALMAS en b\u00fasqueda de una vida m\u00e1s plena.<\/p>\n<p>@DGicherman<br \/>\nwww.dorisgicherman.com<\/p>\n","protected":false},"excerpt":{"rendered":"<p>A todos nos ha ocurrido que en alg\u00fan momento un pensamiento llama nuestra atenci\u00f3n y nos hace preguntar: \u2013 \u00bfC\u00f3mo fue que termin\u00e9 pensando en esto? Nos asombramos, porque est\u00e1bamos ocupados en un asunto diferente o reflexionando sobre otro tema. Seguramente, alguna vez hemos procedido a desandar el camino de las ideas que nos llevaron [&hellip;]<\/p>\n","protected":false},"author":1,"featured_media":0,"comment_status":"open","ping_status":"open","sticky":false,"template":"","format":"standard","meta":[],"categories":[4],"tags":[],"_links":{"self":[{"href":"http:\/\/dorisgicherman.com\/site\/wp-json\/wp\/v2\/posts\/657"}],"collection":[{"href":"http:\/\/dorisgicherman.com\/site\/wp-json\/wp\/v2\/posts"}],"about":[{"href":"http:\/\/dorisgicherman.com\/site\/wp-json\/wp\/v2\/types\/post"}],"author":[{"embeddable":true,"href":"http:\/\/dorisgicherman.com\/site\/wp-json\/wp\/v2\/users\/1"}],"replies":[{"embeddable":true,"href":"http:\/\/dorisgicherman.com\/site\/wp-json\/wp\/v2\/comments?post=657"}],"version-history":[{"count":1,"href":"http:\/\/dorisgicherman.com\/site\/wp-json\/wp\/v2\/posts\/657\/revisions"}],"predecessor-version":[{"id":658,"href":"http:\/\/dorisgicherman.com\/site\/wp-json\/wp\/v2\/posts\/657\/revisions\/658"}],"wp:attachment":[{"href":"http:\/\/dorisgicherman.com\/site\/wp-json\/wp\/v2\/media?parent=657"}],"wp:term":[{"taxonomy":"category","embeddable":true,"href":"http:\/\/dorisgicherman.com\/site\/wp-json\/wp\/v2\/categories?post=657"},{"taxonomy":"post_tag","embeddable":true,"href":"http:\/\/dorisgicherman.com\/site\/wp-json\/wp\/v2\/tags?post=657"}],"curies":[{"name":"wp","href":"https:\/\/api.w.org\/{rel}","templated":true}]}}