{"id":646,"date":"2018-03-22T23:20:04","date_gmt":"2018-03-23T04:20:04","guid":{"rendered":"http:\/\/dorisgicherman.com\/site\/?p=646"},"modified":"2018-03-22T23:20:04","modified_gmt":"2018-03-23T04:20:04","slug":"aqui-alla-y-mas-alla","status":"publish","type":"post","link":"http:\/\/dorisgicherman.com\/site\/aqui-alla-y-mas-alla\/","title":{"rendered":"Aqu\u00ed, all\u00e1 y m\u00e1s all\u00e1."},"content":{"rendered":"<p>Creo me quedo corta llenando estas l\u00edneas para admirar por naturaleza y condiciones humanas a mi Venezuela.<br \/>\nUn pa\u00eds con un clima espectacular, las monta\u00f1as, mi \u00c1vila que sea el \u00e1ngulo donde uno est\u00e9 lo divisa tan majestuoso, su gente.<\/p>\n<p>Conchale, por qu\u00e9 separarnos de nuestros hijos, por qu\u00e9 no seguir acompa\u00f1ando sus \u00e9xitos, por qu\u00e9 no poder compartir entre amigos y familia como siempre se sol\u00eda hacer con alegr\u00eda, entusiasmo y sin temores.<\/p>\n<p>Muchos se van y es porque estaba ya en sus planes sin haber motivos a la vista, pero una gran mayor\u00eda por sentirse vulnerados a lo que se vive el d\u00eda a d\u00eda si arrancan y se van.<\/p>\n<p>La inteligencia migratoria puede servir como una br\u00fajula.<\/p>\n<p>Puede ubicarnos en donde estamos, hacia donde queremos ir o quedarnos a\u00fan despu\u00e9s de evaluar nuestras opciones.<br \/>\nHe descubierto la decadencia de nuestra humanidad, hemos tratado de cubrir un vac\u00edo en nuestras vidas que hemos perdido la esencia de vivir, de trascender, de darnos la oportunidad de sentir, de saber que tiene un sentido el estar aqu\u00ed, de crear un futuro un verdadero futuro donde nuestra evoluci\u00f3n encuentre el equilibrio de todos y cada uno de los seres vivos, pero como hacer eso s\u00ed no somos capaces de respetarnos a nosotros mismos, solo dejamos que nuestros instintos de supervivencia sean ego\u00edstas ni siquiera vemos por nuestra propia sangre, nuestra familia, si es que hoy en d\u00eda conocemos lo que representa.<\/p>\n<p>S\u00ed tan solo fu\u00e9ramos capaces de verlo, de regalarnos un momento y de observar con detalle en lo que nos estamos convirtiendo, hoy en d\u00eda solo vemos rostros, siluetas de lo que consideramos que es la humanidad, pero\u2026 \u00bfqu\u00e9 es humanidad? <\/p>\n<p>Acaso ser\u00e1 solo una palabra, algo que nos define, o solo ser\u00e1 la ausencia de lo que somos o lo que queremos ser, de la competitividad por ser mejor que los dem\u00e1s, nos perdemos en la vanidad y no vemos a trav\u00e9s de lo profundidad de una mirada, de la magia y el fuego que la hace brillar, de sorprenderse de lo que observamos cada despertar. <\/p>\n<p>Decimos que el mundo nos ha cambiado como si no tuvi\u00e9ramos voluntad propia y evadimos la responsabilidad de nuestras acciones del hecho de asumir que nada va a cambiar.<\/p>\n<p>Quiz\u00e1s estas palabras sean fuertes, pero considero que no tan fuertes como los deseos de vivir, de vivir plenamente con intensidad, con pasi\u00f3n, de poder decir, soy libre porque es mi decisi\u00f3n no la que me proporciona el mundo exterior, si logr\u00e1ramos saber lo que sentimos, de encontrar un sentido a la vida, un fin, no el fin de la misma.<br \/>\nSolo entonces y solo entonces cambiar\u00edamos, porque cambiar no es estar en otro lugar sino estar en el mismo haciendo cosas diferentes, cosas que hagan la diferencia y no s\u00f3lo en nosotros mismos sino en los dem\u00e1s tambi\u00e9n.<br \/>\nPorque sin darnos cuenta nuestras acciones se reflejan en los dem\u00e1s en todos los sentidos, si alguien sonr\u00ede otro lo har\u00e1 si alguien ama los dem\u00e1s lo har\u00e1n, se convierte en una cadena interminable que no puede parar, solo se detendr\u00e1 en el momento que alguien deje de creer. <\/p>\n<p>Y hoy hemos dejado de creer por el miedo a ser distintos, a no comulgar con lo que piensan o hacen los dem\u00e1s a no seguir y perseguir un ideal una idea, un sentimiento, un sue\u00f1o, y todo se queda en una intenci\u00f3n. <\/p>\n<p>Somos el reflejo de lo que pensamos y tambi\u00e9n hemos dejado de pensar, por consecuencia de actuar. Y actuamos solo por sobrevivir, pero eso no es vivir, sobrevivir es morir lentamente, perder la voluntad la alegr\u00eda de sentir, de sentir que estamos vivos que existe un ma\u00f1ana y no para los dem\u00e1s, sino para cada uno de nosotros, despertar a un nuevo amanecer con la firme convicci\u00f3n de ser mejor que ayer.<\/p>\n<p>Como ha evolucionado la humanidad, en el inicio de los tiempos las hombres y mujeres emigraban por una mejor calidad de vida, por descubrir nuevos lugares, por la emoci\u00f3n de la aventura. <\/p>\n<p>Hoy en d\u00eda solo se hace por el preservar la vida, por el peligro que vive latente en el sentir de los hombres y en la extinci\u00f3n de generaciones. <\/p>\n<p>Quisi\u00e9ramos expresar nuestro sentir, pero de alguna manera han robado nuestra voluntad, las ganas de vivir, los deseos de hacer de este mundo un mundo mejor para las nuevas generaciones.<\/p>\n<p>Pensamos en la alegr\u00eda de cambiar nuestros pensamientos, de imaginar que las cosas pueden cambiar, pero lo \u00fanico que predomina es el deseo de escapar.<\/p>\n<p>Perdemos tantos en el camino, y no solo como personas sino en el conocimiento, la experiencia, las ra\u00edces, eso que nos hace ser quienes somos lo que nos hace diferentes, pero al mismo tiempo tan iguales.    <\/p>\n<p>Por eso hoy quiero cambiar y no me refiero a cambiar de lugar, emigrar en introspectiva de gritarle al mundo que necesitamos corregir el camino, el camino de los pueblos, de los pa\u00edses, del mundo, pero m\u00e1s importante de nosotros mismos como seres humanos como una humanidad.   <\/p>\n<p>@DGicherman<br \/>\nwww.dorisgicherman.com<\/p>\n","protected":false},"excerpt":{"rendered":"<p>Creo me quedo corta llenando estas l\u00edneas para admirar por naturaleza y condiciones humanas a mi Venezuela. Un pa\u00eds con un clima espectacular, las monta\u00f1as, mi \u00c1vila que sea el \u00e1ngulo donde uno est\u00e9 lo divisa tan majestuoso, su gente. Conchale, por qu\u00e9 separarnos de nuestros hijos, por qu\u00e9 no seguir acompa\u00f1ando sus \u00e9xitos, por [&hellip;]<\/p>\n","protected":false},"author":1,"featured_media":0,"comment_status":"open","ping_status":"open","sticky":false,"template":"","format":"standard","meta":[],"categories":[4],"tags":[],"_links":{"self":[{"href":"http:\/\/dorisgicherman.com\/site\/wp-json\/wp\/v2\/posts\/646"}],"collection":[{"href":"http:\/\/dorisgicherman.com\/site\/wp-json\/wp\/v2\/posts"}],"about":[{"href":"http:\/\/dorisgicherman.com\/site\/wp-json\/wp\/v2\/types\/post"}],"author":[{"embeddable":true,"href":"http:\/\/dorisgicherman.com\/site\/wp-json\/wp\/v2\/users\/1"}],"replies":[{"embeddable":true,"href":"http:\/\/dorisgicherman.com\/site\/wp-json\/wp\/v2\/comments?post=646"}],"version-history":[{"count":1,"href":"http:\/\/dorisgicherman.com\/site\/wp-json\/wp\/v2\/posts\/646\/revisions"}],"predecessor-version":[{"id":647,"href":"http:\/\/dorisgicherman.com\/site\/wp-json\/wp\/v2\/posts\/646\/revisions\/647"}],"wp:attachment":[{"href":"http:\/\/dorisgicherman.com\/site\/wp-json\/wp\/v2\/media?parent=646"}],"wp:term":[{"taxonomy":"category","embeddable":true,"href":"http:\/\/dorisgicherman.com\/site\/wp-json\/wp\/v2\/categories?post=646"},{"taxonomy":"post_tag","embeddable":true,"href":"http:\/\/dorisgicherman.com\/site\/wp-json\/wp\/v2\/tags?post=646"}],"curies":[{"name":"wp","href":"https:\/\/api.w.org\/{rel}","templated":true}]}}